{"id":7292,"date":"2016-09-08T09:36:53","date_gmt":"2016-09-08T08:36:53","guid":{"rendered":"http:\/\/www.frenchlines.com\/?p=7292"},"modified":"2016-09-08T09:48:23","modified_gmt":"2016-09-08T08:48:23","slug":"rendez-vous-en-sous-prefecture-du-havre-pour-les-journees-du-patrimoine","status":"publish","type":"post","link":"https:\/\/www.frenchlines.com\/en\/rendez-vous-en-sous-prefecture-du-havre-pour-les-journees-du-patrimoine\/","title":{"rendered":"Rendez-vous en Sous-pr\u00e9fecture du Havre pour les Journ\u00e9es du patrimoine !"},"content":{"rendered":"<p><strong>La Sous-pr\u00e9fecture du Havre, en partenariat avec French Lines, ouvre exceptionnellement ses portes \u00e0 l\u2019occasion des Journ\u00e9es europ\u00e9ennes du patrimoine 2016 !<br \/>\n<\/strong><\/p>\n<p><strong><span style=\"text-decoration: underline;\">Visites sur inscription (voir ci-dessous)<\/span><\/strong><\/p>\n<p><a href=\"http:\/\/www.frenchlines.com\/wp-content\/uploads\/2016\/09\/Sous-prefecture_Havre.png\"><img loading=\"lazy\" class=\"alignnone wp-image-7295 size-large\" src=\"http:\/\/www.frenchlines.com\/wp-content\/uploads\/2016\/09\/Sous-prefecture_Havre-1024x532.png\" alt=\"Sous-prefecture_Havre\" width=\"1024\" height=\"532\" srcset=\"https:\/\/www.frenchlines.com\/wp-content\/uploads\/2016\/09\/Sous-prefecture_Havre-1024x532.png 1024w, https:\/\/www.frenchlines.com\/wp-content\/uploads\/2016\/09\/Sous-prefecture_Havre-600x312.png 600w, https:\/\/www.frenchlines.com\/wp-content\/uploads\/2016\/09\/Sous-prefecture_Havre-300x156.png 300w, https:\/\/www.frenchlines.com\/wp-content\/uploads\/2016\/09\/Sous-prefecture_Havre-555x288.png 555w, https:\/\/www.frenchlines.com\/wp-content\/uploads\/2016\/09\/Sous-prefecture_Havre-1110x577.png 1110w, https:\/\/www.frenchlines.com\/wp-content\/uploads\/2016\/09\/Sous-prefecture_Havre-250x130.png 250w, https:\/\/www.frenchlines.com\/wp-content\/uploads\/2016\/09\/Sous-prefecture_Havre.png 1376w\" sizes=\"(max-width: 1024px) 100vw, 1024px\" \/><\/a><\/p>\n<p>Conform\u00e9ment \u00e0 sa vocation, French Lines organise r\u00e9guli\u00e8rement des op\u00e9rations de restauration de ses collections patrimoniales, en faisant appel au m\u00e9c\u00e9nat des particuliers et des entreprises, ainsi qu\u2019avec le soutien de la Fondation du patrimoine. Autour du th\u00e8me des ambitions maritimes du Second Empire, plusieurs \u0153uvres en lien avec la cr\u00e9ation des compagnies maritimes seront exceptionnellement d\u00e9voil\u00e9es et expos\u00e9es en Sous-pr\u00e9fecture. D\u2019autres pi\u00e8ces, \u00e9galement issues des collections conserv\u00e9es au Havre par French Lines, seront pr\u00e9sent\u00e9es dans le b\u00e2timent historique de la Sous-pr\u00e9fecture, construite en 1859, sous la direction de l\u2019architecte Charles Fortun\u00e9 Louis Brunet-Debaines.<\/p>\n<p><strong>Ne manquez pas cette occasion rare de d\u00e9couvrir un b\u00e2timent embl\u00e9matique de l\u2019histoire du Havre, en profitant de l\u2019une des visites guid\u00e9es qui vous seront propos\u00e9es\u00a0!<\/strong><\/p>\n<p><strong><u>En pratique<\/u><\/strong><\/p>\n<p>&#8211; Horaires des visites\u00a0: le <strong><u>samedi 17 septembre<\/u><\/strong> \u00e0 10h00, 11h30, 14h00, 15h30 et 17h00.<\/p>\n<p>&#8211; Visites guid\u00e9es et gratuites, dur\u00e9e 1h00 environ.<\/p>\n<p>&#8211; Pour des raisons de s\u00e9curit\u00e9, les visites sont limit\u00e9es \u00e0 des groupes de 15 personnes et<strong> l\u2019inscription est <u>obligatoire<\/u><\/strong> <strong>avant le <u>mercredi 14 septembre \u00e0 17h00<\/u><\/strong>.<\/p>\n<p>&#8211; Inscriptions et renseignements <strong><u>uniquement par t\u00e9l\u00e9phone<\/u> aupr\u00e8s de French Lines au\u00a0: 02 35 24 19 13<\/strong>.<\/p>\n","protected":false},"excerpt":{"rendered":"<p>La Sous-pr\u00e9fecture du Havre, en partenariat avec French Lines, ouvre exceptionnellement ses portes \u00e0 l\u2019occasion des Journ\u00e9es europ\u00e9ennes du patrimoine 2016 ! Visites sur inscription (voir ci-dessous) Conform\u00e9ment \u00e0 sa vocation, French Lines organise r\u00e9guli\u00e8rement des op\u00e9rations de restauration de ses collections patrimoniales, en faisant appel au m\u00e9c\u00e9nat des particuliers et des entreprises, ainsi qu\u2019avec [&hellip;]<\/p>\n","protected":false},"author":4,"featured_media":7295,"comment_status":"closed","ping_status":"closed","sticky":false,"template":"","format":"standard","meta":[],"categories":[68],"tags":[],"_links":{"self":[{"href":"https:\/\/www.frenchlines.com\/en\/wp-json\/wp\/v2\/posts\/7292"}],"collection":[{"href":"https:\/\/www.frenchlines.com\/en\/wp-json\/wp\/v2\/posts"}],"about":[{"href":"https:\/\/www.frenchlines.com\/en\/wp-json\/wp\/v2\/types\/post"}],"author":[{"embeddable":true,"href":"https:\/\/www.frenchlines.com\/en\/wp-json\/wp\/v2\/users\/4"}],"replies":[{"embeddable":true,"href":"https:\/\/www.frenchlines.com\/en\/wp-json\/wp\/v2\/comments?post=7292"}],"version-history":[{"count":3,"href":"https:\/\/www.frenchlines.com\/en\/wp-json\/wp\/v2\/posts\/7292\/revisions"}],"predecessor-version":[{"id":7301,"href":"https:\/\/www.frenchlines.com\/en\/wp-json\/wp\/v2\/posts\/7292\/revisions\/7301"}],"wp:featuredmedia":[{"embeddable":true,"href":"https:\/\/www.frenchlines.com\/en\/wp-json\/wp\/v2\/media\/7295"}],"wp:attachment":[{"href":"https:\/\/www.frenchlines.com\/en\/wp-json\/wp\/v2\/media?parent=7292"}],"wp:term":[{"taxonomy":"category","embeddable":true,"href":"https:\/\/www.frenchlines.com\/en\/wp-json\/wp\/v2\/categories?post=7292"},{"taxonomy":"post_tag","embeddable":true,"href":"https:\/\/www.frenchlines.com\/en\/wp-json\/wp\/v2\/tags?post=7292"}],"curies":[{"name":"wp","href":"https:\/\/api.w.org\/{rel}","templated":true}]}}