{"id":5881,"date":"2016-04-14T13:27:15","date_gmt":"2016-04-14T12:27:15","guid":{"rendered":"http:\/\/www.frenchlines.com\/?p=5881"},"modified":"2016-04-14T13:38:05","modified_gmt":"2016-04-14T12:38:05","slug":"decouvrez-qui-etaient-les-francais-du-titanic","status":"publish","type":"post","link":"https:\/\/www.frenchlines.com\/en\/decouvrez-qui-etaient-les-francais-du-titanic\/","title":{"rendered":"D\u00e9couvrez qui \u00e9taient les Fran\u00e7ais du Titanic !"},"content":{"rendered":"<p style=\"text-align: justify;\"><a href=\"http:\/\/www.frenchlines.com\/wp-content\/uploads\/2016\/04\/Belfast-docks_-RMS-Olympic-RMS-Titanic1.jpg\"><img loading=\"lazy\" class=\"alignright wp-image-5888 size-medium\" src=\"http:\/\/www.frenchlines.com\/wp-content\/uploads\/2016\/04\/Belfast-docks_-RMS-Olympic-RMS-Titanic1-300x227.jpg\" alt=\"Belfast docks_ RMS Olympic &amp; RMS Titanic\" width=\"300\" height=\"227\" srcset=\"https:\/\/www.frenchlines.com\/wp-content\/uploads\/2016\/04\/Belfast-docks_-RMS-Olympic-RMS-Titanic1-300x227.jpg 300w, https:\/\/www.frenchlines.com\/wp-content\/uploads\/2016\/04\/Belfast-docks_-RMS-Olympic-RMS-Titanic1-600x455.jpg 600w, https:\/\/www.frenchlines.com\/wp-content\/uploads\/2016\/04\/Belfast-docks_-RMS-Olympic-RMS-Titanic1-555x420.jpg 555w, https:\/\/www.frenchlines.com\/wp-content\/uploads\/2016\/04\/Belfast-docks_-RMS-Olympic-RMS-Titanic1-250x189.jpg 250w, https:\/\/www.frenchlines.com\/wp-content\/uploads\/2016\/04\/Belfast-docks_-RMS-Olympic-RMS-Titanic1.jpg 792w\" sizes=\"(max-width: 300px) 100vw, 300px\" \/><\/a>Parti de Southampton le 10 avril 1912, le paquebot <em>Titanic<\/em> de la White Star Line a fait naufrage au beau milieu de l\u2019Atlantique nord, dans la nuit du 14 au 15 avril. Il y avait \u00e0 bord quarante-sept Fran\u00e7ais, dont dix-neuf purent \u00eatre sauv\u00e9s. Qui \u00e9taient-ils ? Que faisaient-ils \u00e0 bord ? D&#8217;o\u00f9 venaient-ils ? Q<span class=\"text_exposed_show\">ue sont-ils devenus ?<\/span><\/p>\n<p style=\"text-align: justify;\"><span class=\"text_exposed_show\">L\u2019Association Fran\u00e7aise du <em>Titanic<\/em> a \u00e9t\u00e9 fond\u00e9e en 1998, \u00e0 l\u2019initiative de descendant<\/span><span class=\"text_exposed_show\">s de ces survivants fran\u00e7ais du naufrage. Gr\u00e2ce \u00e0 leurs travaux de recherche, quatre membres de cette association, Fran\u00e7ois Codet, Olivier Mendez, Alain Dufief et Franck Gavard-Perret ont publi\u00e9 chez Marine \u00c9ditions en 2011 un ouvrage intitul\u00e9 &#8220;Les Fran\u00e7ais du <em>Titanic<\/em>&#8221; qui suit le destin de chacun de ces passagers. <\/span><\/p>\n<div class=\"text_exposed_show\">\n<div class=\"text_exposed_show\">\n<p style=\"text-align: justify;\">L\u2019un des auteurs, Fran\u00e7ois Codet, actuel Pr\u00e9sident de l\u2019AFT, sera pr\u00e9sent au Havre le 23 avril prochain et il a accept\u00e9 de venir exceptionnellement donner pour French Lines une conf\u00e9rence pour nous pr\u00e9senter ces Fran\u00e7ais du <em>Titanic<\/em>.<\/p>\n<p style=\"text-align: justify;\">\n<p style=\"text-align: justify;\"><strong><a href=\"http:\/\/www.frenchlines.com\/wp-content\/uploads\/2016\/04\/FL013595_ibp.jpg\"><img loading=\"lazy\" class=\"alignnone size-medium wp-image-5893\" src=\"http:\/\/www.frenchlines.com\/wp-content\/uploads\/2016\/04\/FL013595_ibp-185x300.jpg\" alt=\"FL013595_ibp\" width=\"185\" height=\"300\" srcset=\"https:\/\/www.frenchlines.com\/wp-content\/uploads\/2016\/04\/FL013595_ibp-185x300.jpg 185w, https:\/\/www.frenchlines.com\/wp-content\/uploads\/2016\/04\/FL013595_ibp.jpg 370w, https:\/\/www.frenchlines.com\/wp-content\/uploads\/2016\/04\/FL013595_ibp-154x250.jpg 154w\" sizes=\"(max-width: 185px) 100vw, 185px\" \/><\/a><\/strong><\/p>\n<p style=\"text-align: justify;\"><strong>Rendez-vous au si\u00e8ge de French Lines, 54 rue Louis Richard au Havre, le 23 avril \u00e0 17h30.<\/strong><br \/>\n<strong> Acc\u00e8s libre, dans la limite des places disponibles.<\/strong><\/p>\n<p style=\"text-align: justify;\"><strong>Renseignements et <\/strong><strong>r\u00e9servation (obligatoire) par t\u00e9l\u00e9phone ou e-mail :<\/strong><\/p>\n<p style=\"text-align: justify;\"><strong>T\u00e9l. 02 35 24 19 13<\/strong><br \/>\n<strong> E-mail : <a href=\"mailto:secretaire.general@frenchlines.com\">secretaire.general@frenchlines.com<\/a><\/strong><\/p>\n<\/div>\n<\/div>\n","protected":false},"excerpt":{"rendered":"<p>Parti de Southampton le 10 avril 1912, le paquebot Titanic de la White Star Line a fait naufrage au beau milieu de l\u2019Atlantique nord, dans la nuit du 14 au 15 avril. Il y avait \u00e0 bord quarante-sept Fran\u00e7ais, dont dix-neuf purent \u00eatre sauv\u00e9s. Qui \u00e9taient-ils ? Que faisaient-ils \u00e0 bord ? D&#8217;o\u00f9 venaient-ils ? [&hellip;]<\/p>\n","protected":false},"author":4,"featured_media":5888,"comment_status":"closed","ping_status":"closed","sticky":false,"template":"","format":"standard","meta":[],"categories":[301],"tags":[],"_links":{"self":[{"href":"https:\/\/www.frenchlines.com\/en\/wp-json\/wp\/v2\/posts\/5881"}],"collection":[{"href":"https:\/\/www.frenchlines.com\/en\/wp-json\/wp\/v2\/posts"}],"about":[{"href":"https:\/\/www.frenchlines.com\/en\/wp-json\/wp\/v2\/types\/post"}],"author":[{"embeddable":true,"href":"https:\/\/www.frenchlines.com\/en\/wp-json\/wp\/v2\/users\/4"}],"replies":[{"embeddable":true,"href":"https:\/\/www.frenchlines.com\/en\/wp-json\/wp\/v2\/comments?post=5881"}],"version-history":[{"count":4,"href":"https:\/\/www.frenchlines.com\/en\/wp-json\/wp\/v2\/posts\/5881\/revisions"}],"predecessor-version":[{"id":5903,"href":"https:\/\/www.frenchlines.com\/en\/wp-json\/wp\/v2\/posts\/5881\/revisions\/5903"}],"wp:featuredmedia":[{"embeddable":true,"href":"https:\/\/www.frenchlines.com\/en\/wp-json\/wp\/v2\/media\/5888"}],"wp:attachment":[{"href":"https:\/\/www.frenchlines.com\/en\/wp-json\/wp\/v2\/media?parent=5881"}],"wp:term":[{"taxonomy":"category","embeddable":true,"href":"https:\/\/www.frenchlines.com\/en\/wp-json\/wp\/v2\/categories?post=5881"},{"taxonomy":"post_tag","embeddable":true,"href":"https:\/\/www.frenchlines.com\/en\/wp-json\/wp\/v2\/tags?post=5881"}],"curies":[{"name":"wp","href":"https:\/\/api.w.org\/{rel}","templated":true}]}}