{"id":20046,"date":"2022-12-31T05:20:09","date_gmt":"2022-12-31T04:20:09","guid":{"rendered":"https:\/\/www.frenchlines.com\/?p=20046"},"modified":"2022-12-31T05:20:09","modified_gmt":"2022-12-31T04:20:09","slug":"un-depart-et-de-nouvelles-aventures-en-2023","status":"publish","type":"post","link":"https:\/\/www.frenchlines.com\/en\/un-depart-et-de-nouvelles-aventures-en-2023\/","title":{"rendered":"Un d\u00e9part et de nouvelles aventures en 2023 !"},"content":{"rendered":"<p><span style=\"color: #26282a;\">Apr\u00e8s plus de 6 ann\u00e9es riches, intenses et exigeantes, Marie-Anne du Boullay quitte aujourd\u2019hui ses fonctions de directrice de French Lines &amp; Compagnies. <\/span><\/p>\n<p><span style=\"font-size: 12.0pt; font-family: 'Arial',sans-serif; color: #26282a;\">\u00ab\u00a0Je retiens de mon engagement aupr\u00e8s de ces collections archives exceptionnelles, la diversit\u00e9 et la richesse des rencontres, l\u2019envie partag\u00e9e avec beaucoup de transmettre cette m\u00e9moire. Cette belle exp\u00e9rience humaine et professionnelle, intense et exigeante, fut aussi un magnifique voyage \u00e0 travers les \u00e9poques, \u00e0 parcourir les mers et vivre mille vies. <\/span><\/p>\n<p><span style=\"font-size: 12.0pt; font-family: 'Arial',sans-serif; color: #26282a;\">Au moment de descendre \u00e0 quai, <\/span><span style=\"font-size: 12.0pt; font-family: 'Arial',sans-serif;\">je pense \u00e0 toutes celles et ceux, qui un jour, dans l\u2019exercice de leur m\u00e9tier de marin ou en tant que personnel de service, lors d\u2019une travers\u00e9e ou d\u2019une croisi\u00e8re, en voyage d\u2019affaires ou d\u2018agr\u00e9ment, dans l\u2019espoir d\u2019une vie meilleure, sont mont\u00e9s \u00e0 bord de l\u2019un des navires des compagnies maritimes fran\u00e7aises. <img loading=\"lazy\" class=\"wp-image-20053 alignleft\" src=\"https:\/\/www.frenchlines.com\/wp-content\/uploads\/2022\/12\/MA-CP421-8-projet-affiche-Compagnie-generale-transatlantique-\uf020Depart-pour-lexposition-interntionale\uf020-1-300x231.jpeg\" alt=\"\" width=\"318\" height=\"245\" srcset=\"https:\/\/www.frenchlines.com\/wp-content\/uploads\/2022\/12\/MA-CP421-8-projet-affiche-Compagnie-generale-transatlantique-\uf020Depart-pour-lexposition-interntionale\uf020-1-300x231.jpeg 300w, https:\/\/www.frenchlines.com\/wp-content\/uploads\/2022\/12\/MA-CP421-8-projet-affiche-Compagnie-generale-transatlantique-\uf020Depart-pour-lexposition-interntionale\uf020-1-1024x787.jpeg 1024w, https:\/\/www.frenchlines.com\/wp-content\/uploads\/2022\/12\/MA-CP421-8-projet-affiche-Compagnie-generale-transatlantique-\uf020Depart-pour-lexposition-interntionale\uf020-1-768x590.jpeg 768w, https:\/\/www.frenchlines.com\/wp-content\/uploads\/2022\/12\/MA-CP421-8-projet-affiche-Compagnie-generale-transatlantique-\uf020Depart-pour-lexposition-interntionale\uf020-1-600x461.jpeg 600w, https:\/\/www.frenchlines.com\/wp-content\/uploads\/2022\/12\/MA-CP421-8-projet-affiche-Compagnie-generale-transatlantique-\uf020Depart-pour-lexposition-interntionale\uf020-1-1536x1180.jpeg 1536w, https:\/\/www.frenchlines.com\/wp-content\/uploads\/2022\/12\/MA-CP421-8-projet-affiche-Compagnie-generale-transatlantique-\uf020Depart-pour-lexposition-interntionale\uf020-1-2048x1574.jpeg 2048w, https:\/\/www.frenchlines.com\/wp-content\/uploads\/2022\/12\/MA-CP421-8-projet-affiche-Compagnie-generale-transatlantique-\uf020Depart-pour-lexposition-interntionale\uf020-1-250x192.jpeg 250w, https:\/\/www.frenchlines.com\/wp-content\/uploads\/2022\/12\/MA-CP421-8-projet-affiche-Compagnie-generale-transatlantique-\uf020Depart-pour-lexposition-interntionale\uf020-1-555x427.jpeg 555w, https:\/\/www.frenchlines.com\/wp-content\/uploads\/2022\/12\/MA-CP421-8-projet-affiche-Compagnie-generale-transatlantique-\uf020Depart-pour-lexposition-interntionale\uf020-1-1110x853.jpeg 1110w\" sizes=\"(max-width: 318px) 100vw, 318px\" \/><\/span><\/p>\n<p><span style=\"font-size: 12.0pt; font-family: 'Arial',sans-serif;\">2023 sera une ann\u00e9e forte en projets avec la poursuite du chantier de classement des archives, le d\u00e9marrage du chantier des collections et des prises de d\u00e9cisions importantes pour son avenir. <\/span><\/p>\n<p><span style=\"font-size: 12.0pt; font-family: 'Arial',sans-serif;\">Vous pouvez retrouver <a href=\"https:\/\/www.frenchlines.com\/ressources\/ressources-documentaires\/\">ici<\/a> les ressources nouvellement num\u00e9ris\u00e9es, comme l&#8217;outil de recherche sur le paquebot<em> Normandie (<\/em>CGT 1935) et la liste des rapports d&#8217;agences des Messageries Maritimes. \u00c0 l&#8217;automne, vous retrouverez une partie des collections consacr\u00e9es au paquebot <em>Normandie<\/em> dans le tout nouveau Mus\u00e9e de la Marine au Palais de Chaillot.\u00a0 <\/span><\/p>\n<p><span style=\"font-size: 12.0pt; font-family: 'Arial',sans-serif;\">En attendant, je\u00a0 souhaite de beaux projets d\u2019avenir \u00e0 French Lines &amp; Compagnies et son \u00e9quipe, et remercie vivement tous ceux qui au quotidien comme ponctuellement contribuent \u00e0 son enrichissement et sa valorisation \u00bb. <\/span><\/p>\n<p><span style=\"font-size: 12.0pt; font-family: 'Arial',sans-serif;\">Tr\u00e8s belle ann\u00e9e 2023\u00a0! <\/span><\/p>\n<p>Marie-Anne du Boullay<\/p>\n<p>&nbsp;<\/p>\n<p>&nbsp;<\/p>\n","protected":false},"excerpt":{"rendered":"<p>Apr\u00e8s plus de 6 ann\u00e9es riches, intenses et exigeantes, Marie-Anne du Boullay quitte aujourd\u2019hui ses fonctions de directrice de French Lines &amp; Compagnies. \u00ab\u00a0Je retiens de mon engagement aupr\u00e8s de ces collections archives exceptionnelles, la diversit\u00e9 et la richesse des rencontres, l\u2019envie partag\u00e9e avec beaucoup de transmettre cette m\u00e9moire. Cette belle exp\u00e9rience humaine et professionnelle, [&hellip;]<\/p>\n","protected":false},"author":4,"featured_media":20055,"comment_status":"closed","ping_status":"closed","sticky":false,"template":"","format":"standard","meta":[],"categories":[417],"tags":[],"_links":{"self":[{"href":"https:\/\/www.frenchlines.com\/en\/wp-json\/wp\/v2\/posts\/20046"}],"collection":[{"href":"https:\/\/www.frenchlines.com\/en\/wp-json\/wp\/v2\/posts"}],"about":[{"href":"https:\/\/www.frenchlines.com\/en\/wp-json\/wp\/v2\/types\/post"}],"author":[{"embeddable":true,"href":"https:\/\/www.frenchlines.com\/en\/wp-json\/wp\/v2\/users\/4"}],"replies":[{"embeddable":true,"href":"https:\/\/www.frenchlines.com\/en\/wp-json\/wp\/v2\/comments?post=20046"}],"version-history":[{"count":2,"href":"https:\/\/www.frenchlines.com\/en\/wp-json\/wp\/v2\/posts\/20046\/revisions"}],"predecessor-version":[{"id":20058,"href":"https:\/\/www.frenchlines.com\/en\/wp-json\/wp\/v2\/posts\/20046\/revisions\/20058"}],"wp:featuredmedia":[{"embeddable":true,"href":"https:\/\/www.frenchlines.com\/en\/wp-json\/wp\/v2\/media\/20055"}],"wp:attachment":[{"href":"https:\/\/www.frenchlines.com\/en\/wp-json\/wp\/v2\/media?parent=20046"}],"wp:term":[{"taxonomy":"category","embeddable":true,"href":"https:\/\/www.frenchlines.com\/en\/wp-json\/wp\/v2\/categories?post=20046"},{"taxonomy":"post_tag","embeddable":true,"href":"https:\/\/www.frenchlines.com\/en\/wp-json\/wp\/v2\/tags?post=20046"}],"curies":[{"name":"wp","href":"https:\/\/api.w.org\/{rel}","templated":true}]}}