{"id":17666,"date":"2021-10-04T09:21:09","date_gmt":"2021-10-04T08:21:09","guid":{"rendered":"https:\/\/www.frenchlines.com\/?p=17666"},"modified":"2021-10-04T09:21:09","modified_gmt":"2021-10-04T08:21:09","slug":"le-geste-et-la-forme","status":"publish","type":"post","link":"https:\/\/www.frenchlines.com\/en\/le-geste-et-la-forme\/","title":{"rendered":"Le Geste et la Forme"},"content":{"rendered":"<p>\u00c9loign\u00e9 de la ville, parfois inaccessible quand il n\u2019a pas \u00e9t\u00e9 d\u00e9truit par les bombardements ou d\u00e9moli, le patrimoine industriel et portuaire du Havre est riche et m\u00e9connu.<\/p>\n<p><em>Le Geste et la Forme<\/em> pr\u00e9sente, au travers d\u2019une s\u00e9lection de photographies, l\u2019esth\u00e9tique architecturale de ces anciennes installations et les mouvements des travailleurs et des voyageurs.<\/p>\n<p><img loading=\"lazy\" class=\" wp-image-17673 alignright\" src=\"https:\/\/www.frenchlines.com\/wp-content\/uploads\/2021\/10\/Affiche-OKA3-RdV-LE-HAVRE-SM-octmars22-002-212x300.jpg\" alt=\"\" width=\"224\" height=\"317\" srcset=\"https:\/\/www.frenchlines.com\/wp-content\/uploads\/2021\/10\/Affiche-OKA3-RdV-LE-HAVRE-SM-octmars22-002-212x300.jpg 212w, https:\/\/www.frenchlines.com\/wp-content\/uploads\/2021\/10\/Affiche-OKA3-RdV-LE-HAVRE-SM-octmars22-002-724x1024.jpg 724w, https:\/\/www.frenchlines.com\/wp-content\/uploads\/2021\/10\/Affiche-OKA3-RdV-LE-HAVRE-SM-octmars22-002-768x1086.jpg 768w, https:\/\/www.frenchlines.com\/wp-content\/uploads\/2021\/10\/Affiche-OKA3-RdV-LE-HAVRE-SM-octmars22-002-600x849.jpg 600w, https:\/\/www.frenchlines.com\/wp-content\/uploads\/2021\/10\/Affiche-OKA3-RdV-LE-HAVRE-SM-octmars22-002-1086x1536.jpg 1086w, https:\/\/www.frenchlines.com\/wp-content\/uploads\/2021\/10\/Affiche-OKA3-RdV-LE-HAVRE-SM-octmars22-002-1448x2048.jpg 1448w, https:\/\/www.frenchlines.com\/wp-content\/uploads\/2021\/10\/Affiche-OKA3-RdV-LE-HAVRE-SM-octmars22-002-177x250.jpg 177w, https:\/\/www.frenchlines.com\/wp-content\/uploads\/2021\/10\/Affiche-OKA3-RdV-LE-HAVRE-SM-octmars22-002-555x785.jpg 555w, https:\/\/www.frenchlines.com\/wp-content\/uploads\/2021\/10\/Affiche-OKA3-RdV-LE-HAVRE-SM-octmars22-002-1110x1570.jpg 1110w, https:\/\/www.frenchlines.com\/wp-content\/uploads\/2021\/10\/Affiche-OKA3-RdV-LE-HAVRE-SM-octmars22-002-scaled.jpg 1810w\" sizes=\"(max-width: 224px) 100vw, 224px\" \/>Articul\u00e9e autour des trois th\u00e9matiques Construire -Exploiter &#8211; Entretenir, cette exposition met en lumi\u00e8re les chantiers de construction et de r\u00e9paration navale mais aussi les gares maritimes, les quais et entrep\u00f4ts. Perspectives, lignes bris\u00e9es, gestes et flux sont saisis et cadr\u00e9s dans des vues avant tout documentaires. Les noirs et blancs, trait\u00e9s en ombre ou vibrants d\u2019intensit\u00e9, exacerbent le caract\u00e8re graphique de ce paysage industriel. Les hommes surpris dans leur travail, les passagers en partance, prennent soudain corps, croisent notre regard, nous offrant ainsi une rencontre fugace \u00e0 travers les \u00e9poques.<br \/>\nCes vues, prises sur le vif ou avec un temps de pose, sont de v\u00e9ritables portraits de lieux et de m\u00e9tiers, des t\u00e9moins de l\u2019activit\u00e9 et de la vie dans l\u2019espace portuaire depuis la fin du 19e si\u00e8cle.<\/p>\n<p>Le Geste et la forme, une proposition Pays d&#8217;Art et d&#8217;Histoire Le Havre Seine M\u00e9tropole et French Lines &amp; Compagnies, avec l&#8217;aimable participation de l&#8217;association Adias ACH, l&#8217;association Mus\u00e9e Maritime et Portuaire Le Havre, HAROPA Port, les Archives Municipales et la Biblioth\u00e8que Municipale du Havre.<\/p>\n<p>Informations pratiques :<\/p>\n<p>Exposition Le Geste et la Forme, du 02 octobre 2021 au 30 janvier 2022<\/p>\n<p>Lieu\u00a0: <a href=\"https:\/\/www.lehavreseine-patrimoine.fr\/actualites\/regards-sur-le-patrimoine-maritime-et-portuaire\">Maison du patrimoine<\/a> (181 rue de Paris, 766600 Le Havre)<\/p>\n<p>Ouverture du lundi au dimanche (10h\/12h30-14h\/18h)<\/p>\n<p>Entr\u00e9e libre<\/p>\n<p>&nbsp;<\/p>\n<h6><\/h6>\n","protected":false},"excerpt":{"rendered":"<p>\u00c9loign\u00e9 de la ville, parfois inaccessible quand il n\u2019a pas \u00e9t\u00e9 d\u00e9truit par les bombardements ou d\u00e9moli, le patrimoine industriel et portuaire du Havre est riche et m\u00e9connu. Le Geste et la Forme pr\u00e9sente, au travers d\u2019une s\u00e9lection de photographies, l\u2019esth\u00e9tique architecturale de ces anciennes installations et les mouvements des travailleurs et des voyageurs. Articul\u00e9e [&hellip;]<\/p>\n","protected":false},"author":4,"featured_media":17529,"comment_status":"closed","ping_status":"closed","sticky":false,"template":"","format":"standard","meta":[],"categories":[68],"tags":[],"_links":{"self":[{"href":"https:\/\/www.frenchlines.com\/en\/wp-json\/wp\/v2\/posts\/17666"}],"collection":[{"href":"https:\/\/www.frenchlines.com\/en\/wp-json\/wp\/v2\/posts"}],"about":[{"href":"https:\/\/www.frenchlines.com\/en\/wp-json\/wp\/v2\/types\/post"}],"author":[{"embeddable":true,"href":"https:\/\/www.frenchlines.com\/en\/wp-json\/wp\/v2\/users\/4"}],"replies":[{"embeddable":true,"href":"https:\/\/www.frenchlines.com\/en\/wp-json\/wp\/v2\/comments?post=17666"}],"version-history":[{"count":2,"href":"https:\/\/www.frenchlines.com\/en\/wp-json\/wp\/v2\/posts\/17666\/revisions"}],"predecessor-version":[{"id":17676,"href":"https:\/\/www.frenchlines.com\/en\/wp-json\/wp\/v2\/posts\/17666\/revisions\/17676"}],"wp:featuredmedia":[{"embeddable":true,"href":"https:\/\/www.frenchlines.com\/en\/wp-json\/wp\/v2\/media\/17529"}],"wp:attachment":[{"href":"https:\/\/www.frenchlines.com\/en\/wp-json\/wp\/v2\/media?parent=17666"}],"wp:term":[{"taxonomy":"category","embeddable":true,"href":"https:\/\/www.frenchlines.com\/en\/wp-json\/wp\/v2\/categories?post=17666"},{"taxonomy":"post_tag","embeddable":true,"href":"https:\/\/www.frenchlines.com\/en\/wp-json\/wp\/v2\/tags?post=17666"}],"curies":[{"name":"wp","href":"https:\/\/api.w.org\/{rel}","templated":true}]}}