{"id":15422,"date":"2020-09-09T14:26:53","date_gmt":"2020-09-09T13:26:53","guid":{"rendered":"http:\/\/www.frenchlines.com\/?p=15422"},"modified":"2020-09-09T14:29:49","modified_gmt":"2020-09-09T13:29:49","slug":"de-france-a-aujourdhui-60-ans-de-passagers-aux-havre","status":"publish","type":"post","link":"https:\/\/www.frenchlines.com\/en\/de-france-a-aujourdhui-60-ans-de-passagers-aux-havre\/","title":{"rendered":"De France \u00e0 aujourd&#8217;hui, 60 ans de passagers aux Havre"},"content":{"rendered":"<figure id=\"attachment_15429\" aria-describedby=\"caption-attachment-15429\" style=\"width: 304px\" class=\"wp-caption alignleft\"><a href=\"http:\/\/www.frenchlines.com\/wp-content\/uploads\/2020\/09\/FL006387_ibp.jpg\"><img loading=\"lazy\" class=\"wp-image-15429\" src=\"http:\/\/www.frenchlines.com\/wp-content\/uploads\/2020\/09\/FL006387_ibp.jpg\" alt=\"FL006387_ibp\" width=\"304\" height=\"245\" srcset=\"https:\/\/www.frenchlines.com\/wp-content\/uploads\/2020\/09\/FL006387_ibp.jpg 743w, https:\/\/www.frenchlines.com\/wp-content\/uploads\/2020\/09\/FL006387_ibp-600x485.jpg 600w, https:\/\/www.frenchlines.com\/wp-content\/uploads\/2020\/09\/FL006387_ibp-300x242.jpg 300w, https:\/\/www.frenchlines.com\/wp-content\/uploads\/2020\/09\/FL006387_ibp-555x448.jpg 555w, https:\/\/www.frenchlines.com\/wp-content\/uploads\/2020\/09\/FL006387_ibp-250x202.jpg 250w\" sizes=\"(max-width: 304px) 100vw, 304px\" \/><\/a><figcaption id=\"caption-attachment-15429\" class=\"wp-caption-text\">Le grand salon Fontainebleau \u00e0 bord du paquebot France (CGT 1962)<\/figcaption><\/figure>\n<p>En 2018, l\u2019aide de la Ville du Havre et de la R\u00e9gion Normandie a permis l\u2019acquisition d\u2019une tapisserie monumentale du paquebot <em>France<\/em> (CGT 1962) pour l\u2019EPCC French Lines &amp; Compagnies. Cette tapisserie, For\u00eat de France r\u00e9alis\u00e9e par la Manufacture d\u2019Aubusson d\u2019apr\u00e8s un carton de Camille Hilaire est devenue l\u2019une des pi\u00e8ces phares de cette collection unique d\u00e9di\u00e9e au patrimoine de la Marine marchande fran\u00e7aise, de ses compagnies et des ports. Pour pr\u00e9senter au public cet objet exceptionnel, French Lines &amp; Compagnies et Le Havre Port Center proposent une exposition autour du transport de passagers au Havre, port d\u2019attache du paquebot France, \u00e0 partir de 1962. Elle ouvrira ses portes au LH Port Center, dans l\u2019ancien terminal des ferries vers l\u2019Irlande, lors des Journ\u00e9es europ\u00e9ennes du patrimoine, le 19 septembre 2020, et sera accessible aux visiteurs jusqu\u2019au 3 janvier 2021.<\/p>\n<p>Cr\u00e9\u00e9e \u00e0 l\u2019initiative de la Ville du Havre, cette exposition est le fruit de la collaboration de French Lines &amp; Compagnies et Le Havre Port Center, chaque structure apportant un regard diff\u00e9rent et compl\u00e9mentaire. Avec son double volet patrimonial et contemporain, le parcours d\u2019exposition propose au spectateur un panorama de l\u2019\u00e9volution du transport maritime de passagers d\u2019hier \u00e0 aujourd\u2019hui.<\/p>\n<p>Des \u00ab ann\u00e9es France \u00bb \u00e0 la crise sanitaire actuelle, quels sont les r\u00f4le et place du transport maritime de passagers ? Quel avenir se dessine pour les travers\u00e9es transatlantiques \u00e0 partir des ann\u00e9es 1960 ? Quels atouts propose le paquebot <em>France<\/em> (CGT 1962) pour concurrencer l\u2019aviation ? Quelle est la place aujourd\u2019hui de la croisi\u00e8re et du tourisme fluvial ? Quel sera le visage du transport maritime de passagers demain ?<\/p>\n<p>Arriv\u00e9e de l\u2019avion, d\u00e9veloppement du tourisme, crise \u00e9cologique et sanitaire, transition \u00e9nerg\u00e9tique sont autant d\u2019\u00e9v\u00e9nements qui conditionnent le transport maritime de passagers, l\u2019obligeant \u00e0 se r\u00e9inventer. Cette exposition est l\u2019occasion de comprendre le r\u00f4le et la place du transport maritime de passagers d\u2019hier, de constater les bouleversements qu\u2019il connait aujourd\u2019hui et de vous inviter \u00e0 imaginer l\u2019avenir.<a href=\"http:\/\/www.frenchlines.com\/wp-content\/uploads\/2020\/08\/AFFICHE1.jpg\"><img loading=\"lazy\" class=\"wp-image-15411 alignright\" src=\"http:\/\/www.frenchlines.com\/wp-content\/uploads\/2020\/08\/AFFICHE1.jpg\" alt=\"AFFICHE\" width=\"415\" height=\"587\" \/><\/a><\/p>\n<p><strong>Acc\u00e8s<\/strong><\/p>\n<p>Espace Andr\u00e9 Graillot<\/p>\n<p>Chauss\u00e9e John Kennedy 76600 Le Havre<\/p>\n<p>02 32 74 70 49<\/p>\n<p><strong>Horaires<\/strong><\/p>\n<p>Visites libres pour le public tous les week-ends ainsi que les mercredis des vacances scolaires, de 14h \u00e0 18h. Visites guid\u00e9es pour les groupes scolaires et l&#8217;enseignement sup\u00e9rieur en semaine sur r\u00e9servation, avec tarification sp\u00e9cifique.<\/p>\n<p><strong>Tarifs<\/strong><\/p>\n<p>Plein tarif, visite libre\u00a0: 2\u20ac<\/p>\n<p>Gratuit\u00e9\u00a0: moins de 26 ans et le premier samedi de chaque mois<\/p>\n<p><strong>Contacts <\/strong><\/p>\n<p>R\u00e9servations : 02 32 74 70 49 ou info@lehavreportcenter.com<\/p>\n","protected":false},"excerpt":{"rendered":"<p>En 2018, l\u2019aide de la Ville du Havre et de la R\u00e9gion Normandie a permis l\u2019acquisition d\u2019une tapisserie monumentale du paquebot France (CGT 1962) pour l\u2019EPCC French Lines &amp; Compagnies. Cette tapisserie, For\u00eat de France r\u00e9alis\u00e9e par la Manufacture d\u2019Aubusson d\u2019apr\u00e8s un carton de Camille Hilaire est devenue l\u2019une des pi\u00e8ces phares de cette collection [&hellip;]<\/p>\n","protected":false},"author":1234,"featured_media":0,"comment_status":"closed","ping_status":"closed","sticky":false,"template":"","format":"standard","meta":[],"categories":[417,68,1],"tags":[],"_links":{"self":[{"href":"https:\/\/www.frenchlines.com\/en\/wp-json\/wp\/v2\/posts\/15422"}],"collection":[{"href":"https:\/\/www.frenchlines.com\/en\/wp-json\/wp\/v2\/posts"}],"about":[{"href":"https:\/\/www.frenchlines.com\/en\/wp-json\/wp\/v2\/types\/post"}],"author":[{"embeddable":true,"href":"https:\/\/www.frenchlines.com\/en\/wp-json\/wp\/v2\/users\/1234"}],"replies":[{"embeddable":true,"href":"https:\/\/www.frenchlines.com\/en\/wp-json\/wp\/v2\/comments?post=15422"}],"version-history":[{"count":4,"href":"https:\/\/www.frenchlines.com\/en\/wp-json\/wp\/v2\/posts\/15422\/revisions"}],"predecessor-version":[{"id":15436,"href":"https:\/\/www.frenchlines.com\/en\/wp-json\/wp\/v2\/posts\/15422\/revisions\/15436"}],"wp:attachment":[{"href":"https:\/\/www.frenchlines.com\/en\/wp-json\/wp\/v2\/media?parent=15422"}],"wp:term":[{"taxonomy":"category","embeddable":true,"href":"https:\/\/www.frenchlines.com\/en\/wp-json\/wp\/v2\/categories?post=15422"},{"taxonomy":"post_tag","embeddable":true,"href":"https:\/\/www.frenchlines.com\/en\/wp-json\/wp\/v2\/tags?post=15422"}],"curies":[{"name":"wp","href":"https:\/\/api.w.org\/{rel}","templated":true}]}}