{"id":15359,"date":"2020-05-25T13:25:29","date_gmt":"2020-05-25T12:25:29","guid":{"rendered":"http:\/\/www.frenchlines.com\/?p=15359"},"modified":"2020-05-25T13:25:29","modified_gmt":"2020-05-25T12:25:29","slug":"invitation-au-voyage","status":"publish","type":"post","link":"https:\/\/www.frenchlines.com\/en\/invitation-au-voyage\/","title":{"rendered":"Invitation au voyage"},"content":{"rendered":"<p style=\"text-align: justify;\">Gr\u00e2ce \u00e0 une reconstitution fid\u00e8le bas\u00e9e sur le rapport de voyage r\u00e9dig\u00e9 par le Commandant Cousin, illustr\u00e9e par l\u2019exceptionnel fonds iconographiques conserv\u00e9 par French Lines &amp; Compagnies, d\u00e9couvrez la vie \u00e0 bord d\u2019un navire dans les ann\u00e9es 20, visitez des ports mythiques, suivez escale apr\u00e8s escale les rebondissements d\u2019une travers\u00e9e marqu\u00e9e par l\u2019exotisme de la destination et les dangers de la mer\u2026 et de la terre.<\/p>\n<p style=\"text-align: justify;\">Une aventure \u00e0 suivre ici, r\u00e9alis\u00e9e gr\u00e2ce \u00e0 l&#8217;application Polarsteps : <a href=\"https:\/\/www.polarsteps.com\/FrenchLinesetCompagnies\/3468046-andre-lebon-messageries-maritimes-annee-1923\">Paquebot Andr\u00e9 Lebon, Messageries Maritimes, 1923<\/a><\/p>\n<p style=\"text-align: justify;\"><a href=\"http:\/\/www.frenchlines.com\/wp-content\/uploads\/2020\/05\/FL001235_ibp.jpg\"><img loading=\"lazy\" class=\"size-medium wp-image-15367 alignleft\" src=\"http:\/\/www.frenchlines.com\/wp-content\/uploads\/2020\/05\/FL001235_ibp-300x213.jpg\" alt=\"FL001235_ibp\" width=\"300\" height=\"213\" srcset=\"https:\/\/www.frenchlines.com\/wp-content\/uploads\/2020\/05\/FL001235_ibp-300x213.jpg 300w, https:\/\/www.frenchlines.com\/wp-content\/uploads\/2020\/05\/FL001235_ibp-600x425.jpg 600w, https:\/\/www.frenchlines.com\/wp-content\/uploads\/2020\/05\/FL001235_ibp-555x393.jpg 555w, https:\/\/www.frenchlines.com\/wp-content\/uploads\/2020\/05\/FL001235_ibp-250x177.jpg 250w, https:\/\/www.frenchlines.com\/wp-content\/uploads\/2020\/05\/FL001235_ibp.jpg 800w\" sizes=\"(max-width: 300px) 100vw, 300px\" \/><\/a>Construit aux Chantiers de la Ciotat, le paquebot <em>Andr\u00e9 Lebon<\/em> est affect\u00e9 \u00e0 la ligne vers le Japon en 1913. Il est d\u00e9sarm\u00e9 en 1952, apr\u00e8s avoir connu la p\u00e9riode coloniale, deux guerres mondiales puis la concurrence de l\u2019avion durant pr\u00e8s de 40 ann\u00e9es de service.<\/p>\n<p style=\"text-align: justify;\">Cette invitation au voyage est une cr\u00e9ation de French Lines &amp; Compagnies, patrimoine maritime et portuaire, r\u00e9alis\u00e9e par Sarah Gay, notre archiviste-iconographe.<\/p>\n<p style=\"text-align: justify;\">Messageries Maritimes\u2122 est une marque prot\u00e9g\u00e9e propri\u00e9t\u00e9 de French Lines &amp; Compagnies.<\/p>\n<p style=\"text-align: justify;\">Attention\u00a0: L&#8217;outil Polarsteps nous permet de raconter ce r\u00e9cit mais certaines de ses fonctionnalit\u00e9s ne sont pas compatibles avec les voyages dans les temps lointains : entre 1923 et 2019, ann\u00e9e possible en r\u00e9f\u00e9rence, les noms des villes, ports et pays ont chang\u00e9 et les conditions m\u00e9t\u00e9orologiques ne sont bien \u00e9videmment pas les m\u00eames, merci par cons\u00e9quent de ne pas en tenir compte.<a href=\"http:\/\/www.frenchlines.com\/wp-content\/uploads\/2020\/05\/1997_002_5033_GazetteMM_1923_0562.jpg\"><img loading=\"lazy\" class=\"wp-image-15365 alignright\" src=\"http:\/\/www.frenchlines.com\/wp-content\/uploads\/2020\/05\/1997_002_5033_GazetteMM_1923_0562.jpg\" alt=\"1997_002_5033_GazetteMM_1923_0562\" width=\"217\" height=\"345\" \/><\/a><\/p>\n<p style=\"text-align: justify;\"><strong>Bon voyage\u00a0!<\/strong><\/p>\n<p style=\"text-align: justify;\"><em>R\u00e9f\u00e9rences archives :<\/em><\/p>\n<p style=\"text-align: justify;\"><em>Le paquebot Andr\u00e9 Lebon (MM 1913) \u00a9 Collection French Lines &amp; Compagnies<\/em><\/p>\n<p style=\"text-align: justify;\"><em>Rapport de voyage du Commandant Cousin, cote 1997-002-3934<\/em><\/p>\n<p style=\"text-align: justify;\"><em>Gazette des Messageries Maritimes, d\u00e9cembre 1923, cote 1997-002-5033<\/em><\/p>\n<h3 style=\"text-align: justify;\"><\/h3>\n","protected":false},"excerpt":{"rendered":"<p>Gr\u00e2ce \u00e0 une reconstitution fid\u00e8le bas\u00e9e sur le rapport de voyage r\u00e9dig\u00e9 par le Commandant Cousin, illustr\u00e9e par l\u2019exceptionnel fonds iconographiques conserv\u00e9 par French Lines &amp; Compagnies, d\u00e9couvrez la vie \u00e0 bord d\u2019un navire dans les ann\u00e9es 20, visitez des ports mythiques, suivez escale apr\u00e8s escale les rebondissements d\u2019une travers\u00e9e marqu\u00e9e par l\u2019exotisme de la [&hellip;]<\/p>\n","protected":false},"author":4,"featured_media":15367,"comment_status":"closed","ping_status":"closed","sticky":false,"template":"","format":"standard","meta":[],"categories":[417,418],"tags":[],"_links":{"self":[{"href":"https:\/\/www.frenchlines.com\/en\/wp-json\/wp\/v2\/posts\/15359"}],"collection":[{"href":"https:\/\/www.frenchlines.com\/en\/wp-json\/wp\/v2\/posts"}],"about":[{"href":"https:\/\/www.frenchlines.com\/en\/wp-json\/wp\/v2\/types\/post"}],"author":[{"embeddable":true,"href":"https:\/\/www.frenchlines.com\/en\/wp-json\/wp\/v2\/users\/4"}],"replies":[{"embeddable":true,"href":"https:\/\/www.frenchlines.com\/en\/wp-json\/wp\/v2\/comments?post=15359"}],"version-history":[{"count":3,"href":"https:\/\/www.frenchlines.com\/en\/wp-json\/wp\/v2\/posts\/15359\/revisions"}],"predecessor-version":[{"id":15393,"href":"https:\/\/www.frenchlines.com\/en\/wp-json\/wp\/v2\/posts\/15359\/revisions\/15393"}],"wp:featuredmedia":[{"embeddable":true,"href":"https:\/\/www.frenchlines.com\/en\/wp-json\/wp\/v2\/media\/15367"}],"wp:attachment":[{"href":"https:\/\/www.frenchlines.com\/en\/wp-json\/wp\/v2\/media?parent=15359"}],"wp:term":[{"taxonomy":"category","embeddable":true,"href":"https:\/\/www.frenchlines.com\/en\/wp-json\/wp\/v2\/categories?post=15359"},{"taxonomy":"post_tag","embeddable":true,"href":"https:\/\/www.frenchlines.com\/en\/wp-json\/wp\/v2\/tags?post=15359"}],"curies":[{"name":"wp","href":"https:\/\/api.w.org\/{rel}","templated":true}]}}