{"id":14928,"date":"2019-11-04T18:44:36","date_gmt":"2019-11-04T17:44:36","guid":{"rendered":"http:\/\/www.frenchlines.com\/?p=14928"},"modified":"2019-11-04T18:45:49","modified_gmt":"2019-11-04T17:45:49","slug":"lart-deco-un-art-de-vivre-le-paquebot-ile-de-france-une-exposition-a-ne-pas-manquer-au-musee-des-annees-30-boulogne-billancourt-92","status":"publish","type":"post","link":"https:\/\/www.frenchlines.com\/en\/lart-deco-un-art-de-vivre-le-paquebot-ile-de-france-une-exposition-a-ne-pas-manquer-au-musee-des-annees-30-boulogne-billancourt-92\/","title":{"rendered":"&#8220;L&#8217;Art D\u00e9co, un Art de Vivre &#8211; Le paquebot \u00cele-de-France&#8221; une exposition \u00e0 ne pas manquer au Mus\u00e9e des Ann\u00e9es 30, Boulogne-Billancourt (92)."},"content":{"rendered":"<h3>Venez d\u00e9couvrir l\u2019enchantement des travers\u00e9es transatlantiques durant les Ann\u00e9es 30 \u00e0 bord de l\u2019un de ses repr\u00e9sentants les plus attachants.<\/h3>\n<p>Imagin\u00e9 et con\u00e7u pendant une p\u00e9riode de prosp\u00e9rit\u00e9 de la Compagnie G\u00e9n\u00e9rale Transatlantique sous la direction inspir\u00e9e de John Dal Piaz, le paquebot <em>\u00cele-de-France,<\/em> mis en service en 1927 et affect\u00e9 \u00e0 la c\u00e9l\u00e8bre French Line reliant Le Havre \u00e0 New York, conjugue rapidit\u00e9 et r\u00e9gularit\u00e9, des qualit\u00e9s essentielles pour creuser confortablement sa route \u00e0 travers l\u2019Atlantique Nord. Sa premi\u00e8re classe, spacieuse et raffin\u00e9e, est une synth\u00e8se de la cr\u00e9ation artistique fran\u00e7aise au sortir de l\u2019Exposition des Arts D\u00e9coratifs de Paris de 1925.<\/p>\n<p>Ambassadeur de l\u2019art de vivre et du savoir-faire national, <em>\u00cele-de-France <\/em>offre \u00e0 ses passagers un service de qualit\u00e9 assur\u00e9 par un personnel empli de tact et de pr\u00e9venance pour un voyage inoubliable, le tout sous le commandement d\u2019un grand marin doubl\u00e9 d\u2019un homme du monde, le commandant Blancart.<\/p>\n<p><em><a href=\"http:\/\/www.frenchlines.com\/wp-content\/uploads\/2019\/11\/FL004706_ibp.jpg\"><img loading=\"lazy\" class=\" wp-image-14932 alignleft\" src=\"http:\/\/www.frenchlines.com\/wp-content\/uploads\/2019\/11\/FL004706_ibp-300x216.jpg\" alt=\"FL004706_ibp\" width=\"349\" height=\"251\" \/><\/a><\/em><em>I<\/em><a href=\"http:\/\/www.frenchlines.com\/wp-content\/uploads\/2019\/11\/FL003213_ibp-e1572888118338.jpg\"><img loading=\"lazy\" class=\"wp-image-14930 alignright\" src=\"http:\/\/www.frenchlines.com\/wp-content\/uploads\/2019\/11\/FL003213_ibp-176x300.jpg\" alt=\"FL003213_ibp\" width=\"166\" height=\"283\" \/><\/a><em>le-de-France<\/em> se distingue par une vie exceptionnelle\u00a0: il est pendant 32 ans au service de l\u2019image de la Nation en temps de paix comme en temps de guerre et ob\u00e9it au principe s\u00e9culaire de secours en mer en venant en aide \u00e0 plusieurs reprises \u00e0 des navires en d\u00e9tresse, prenant \u00e0 son bord leurs passagers. D\u00e9cor\u00e9 pour la bravoure de son \u00e9quipage, le navire prendra m\u00eame le surnom de \u00ab\u00a0<em>Saint Bernard des mers<\/em>\u00a0\u00bb.<\/p>\n<p>L\u2019EPCC French Lines &amp; Compagnies est heureux d\u2019\u00eatre partenaire de cette exposition par le pr\u00eat de tr\u00e8s nombreux documents d\u2019archives, d\u2019objets et d\u2019\u0153uvres d\u2019art\u00a0: photographies, menus, affiches, peintures, pi\u00e8ces de mobilier, maquettes, uniformes, pi\u00e8ces d\u2019orf\u00e8vrerie, dessins etc\u2026<\/p>\n<p>Embarquez pour une journ\u00e9e \u00e0 bord et visitez les cabines, les salons et les espaces de distraction sans oublier les cuisines. D\u00e9couvrez les diff\u00e9rentes activit\u00e9s et leurs lieux d\u00e9di\u00e9s : salons de lecture et de beaut\u00e9, fumoir, salle de spectacle et m\u00eame h\u00f4pital. Les espaces pour les enfants et le quotidien de l\u2019\u00e9quipage sont aussi \u00e9voqu\u00e9s, tout comme l\u2019impressionnante salle des machines.<\/p>\n<p>Du 16 octobre 2019 au 10 f\u00e9vrier 2020 (ferm\u00e9e les 25 d\u00e9cembre et 1er janvier).<br \/>\nEspace Landowski &#8211; 28 avenue Andr\u00e9 Morizet &#8211; Boulogne-Billancourt<br \/>\nHoraires : de 11h \u00e0 18h, du mardi au dimanche<br \/>\nTarifs : 7 \u20ac ; 5 \u20ac. (Entr\u00e9e gratuite pour les moins de 26 ans, et pour tous les 1ers dimanches du mois).<\/p>\n<p>L\u00e9gendes des visuels : Collection French Lines &amp; Compagnies<\/p>\n<p>Jeux de petits chevaux \u00e0 bord du paquebot <em>Ile-de-France<\/em> (CGT 1927-1959)<\/p>\n<p>Naufrage de l&#8217;<em>Andrea Doria<\/em>. Les rescap\u00e9s sont recueillis par l&#8217;\u00e9quipage de l&#8217;<em>Ile-de-France<\/em>, le 25 juillet 1956<\/p>\n","protected":false},"excerpt":{"rendered":"<p>Venez d\u00e9couvrir l\u2019enchantement des travers\u00e9es transatlantiques durant les Ann\u00e9es 30 \u00e0 bord de l\u2019un de ses repr\u00e9sentants les plus attachants. Imagin\u00e9 et con\u00e7u pendant une p\u00e9riode de prosp\u00e9rit\u00e9 de la Compagnie G\u00e9n\u00e9rale Transatlantique sous la direction inspir\u00e9e de John Dal Piaz, le paquebot \u00cele-de-France, mis en service en 1927 et affect\u00e9 \u00e0 la c\u00e9l\u00e8bre French [&hellip;]<\/p>\n","protected":false},"author":4,"featured_media":14869,"comment_status":"closed","ping_status":"closed","sticky":false,"template":"","format":"standard","meta":[],"categories":[68],"tags":[],"_links":{"self":[{"href":"https:\/\/www.frenchlines.com\/en\/wp-json\/wp\/v2\/posts\/14928"}],"collection":[{"href":"https:\/\/www.frenchlines.com\/en\/wp-json\/wp\/v2\/posts"}],"about":[{"href":"https:\/\/www.frenchlines.com\/en\/wp-json\/wp\/v2\/types\/post"}],"author":[{"embeddable":true,"href":"https:\/\/www.frenchlines.com\/en\/wp-json\/wp\/v2\/users\/4"}],"replies":[{"embeddable":true,"href":"https:\/\/www.frenchlines.com\/en\/wp-json\/wp\/v2\/comments?post=14928"}],"version-history":[{"count":3,"href":"https:\/\/www.frenchlines.com\/en\/wp-json\/wp\/v2\/posts\/14928\/revisions"}],"predecessor-version":[{"id":14944,"href":"https:\/\/www.frenchlines.com\/en\/wp-json\/wp\/v2\/posts\/14928\/revisions\/14944"}],"wp:featuredmedia":[{"embeddable":true,"href":"https:\/\/www.frenchlines.com\/en\/wp-json\/wp\/v2\/media\/14869"}],"wp:attachment":[{"href":"https:\/\/www.frenchlines.com\/en\/wp-json\/wp\/v2\/media?parent=14928"}],"wp:term":[{"taxonomy":"category","embeddable":true,"href":"https:\/\/www.frenchlines.com\/en\/wp-json\/wp\/v2\/categories?post=14928"},{"taxonomy":"post_tag","embeddable":true,"href":"https:\/\/www.frenchlines.com\/en\/wp-json\/wp\/v2\/tags?post=14928"}],"curies":[{"name":"wp","href":"https:\/\/api.w.org\/{rel}","templated":true}]}}