{"id":14345,"date":"2019-01-31T18:47:25","date_gmt":"2019-01-31T17:47:25","guid":{"rendered":"http:\/\/www.frenchlines.com\/?p=14345"},"modified":"2019-01-31T19:07:52","modified_gmt":"2019-01-31T18:07:52","slug":"french-lines-compagnies-vous-souhaite-une-belle-annee-2019","status":"publish","type":"post","link":"https:\/\/www.frenchlines.com\/en\/french-lines-compagnies-vous-souhaite-une-belle-annee-2019\/","title":{"rendered":"French Lines &#038; Compagnies vous souhaite une belle ann\u00e9e 2019 !"},"content":{"rendered":"<p>French Lines &amp; Compagnies,<a href=\"http:\/\/www.frenchlines.com\/wp-content\/uploads\/2019\/01\/FL001132.jpg\"><img loading=\"lazy\" class=\"size-medium wp-image-14359 alignleft\" src=\"http:\/\/www.frenchlines.com\/wp-content\/uploads\/2019\/01\/FL001132-243x300.jpg\" alt=\"FL001132\" width=\"243\" height=\"300\" \/><\/a><\/p>\n<p>Luc Lemonnier, Maire du Havre, son Pr\u00e9sident, et le Conseil d&#8217;Administration<\/p>\n<p style=\"text-align: left;\">sa Directrice et l&#8217;ensemble de l&#8217;\u00e9quipe<\/p>\n<p style=\"text-align: left;\">vous adressent leurs meilleurs voeux pour une grande et belle ann\u00e9e 2019 !<\/p>\n<p><a href=\"http:\/\/www.frenchlines.com\/wp-content\/uploads\/2019\/01\/Voeux_web_2019.jpg\"><img loading=\"lazy\" class=\"alignnone size-medium wp-image-14343\" src=\"http:\/\/www.frenchlines.com\/wp-content\/uploads\/2019\/01\/Voeux_web_2019-300x170.jpg\" alt=\"Voeux_web_2019\" width=\"300\" height=\"170\" srcset=\"https:\/\/www.frenchlines.com\/wp-content\/uploads\/2019\/01\/Voeux_web_2019-300x170.jpg 300w, https:\/\/www.frenchlines.com\/wp-content\/uploads\/2019\/01\/Voeux_web_2019-600x339.jpg 600w, https:\/\/www.frenchlines.com\/wp-content\/uploads\/2019\/01\/Voeux_web_2019-1024x579.jpg 1024w, https:\/\/www.frenchlines.com\/wp-content\/uploads\/2019\/01\/Voeux_web_2019-555x314.jpg 555w, https:\/\/www.frenchlines.com\/wp-content\/uploads\/2019\/01\/Voeux_web_2019-1110x628.jpg 1110w, https:\/\/www.frenchlines.com\/wp-content\/uploads\/2019\/01\/Voeux_web_2019-250x141.jpg 250w, https:\/\/www.frenchlines.com\/wp-content\/uploads\/2019\/01\/Voeux_web_2019.jpg 1358w\" sizes=\"(max-width: 300px) 100vw, 300px\" \/><\/a><\/p>\n<p>&nbsp;<\/p>\n","protected":false},"excerpt":{"rendered":"<p>French Lines &amp; Compagnies, Luc Lemonnier, Maire du Havre, son Pr\u00e9sident, et le Conseil d&#8217;Administration sa Directrice et l&#8217;ensemble de l&#8217;\u00e9quipe vous adressent leurs meilleurs voeux pour une grande et belle ann\u00e9e 2019 ! &nbsp;<\/p>\n","protected":false},"author":4,"featured_media":14343,"comment_status":"closed","ping_status":"closed","sticky":false,"template":"","format":"standard","meta":[],"categories":[1],"tags":[],"_links":{"self":[{"href":"https:\/\/www.frenchlines.com\/en\/wp-json\/wp\/v2\/posts\/14345"}],"collection":[{"href":"https:\/\/www.frenchlines.com\/en\/wp-json\/wp\/v2\/posts"}],"about":[{"href":"https:\/\/www.frenchlines.com\/en\/wp-json\/wp\/v2\/types\/post"}],"author":[{"embeddable":true,"href":"https:\/\/www.frenchlines.com\/en\/wp-json\/wp\/v2\/users\/4"}],"replies":[{"embeddable":true,"href":"https:\/\/www.frenchlines.com\/en\/wp-json\/wp\/v2\/comments?post=14345"}],"version-history":[{"count":3,"href":"https:\/\/www.frenchlines.com\/en\/wp-json\/wp\/v2\/posts\/14345\/revisions"}],"predecessor-version":[{"id":14361,"href":"https:\/\/www.frenchlines.com\/en\/wp-json\/wp\/v2\/posts\/14345\/revisions\/14361"}],"wp:featuredmedia":[{"embeddable":true,"href":"https:\/\/www.frenchlines.com\/en\/wp-json\/wp\/v2\/media\/14343"}],"wp:attachment":[{"href":"https:\/\/www.frenchlines.com\/en\/wp-json\/wp\/v2\/media?parent=14345"}],"wp:term":[{"taxonomy":"category","embeddable":true,"href":"https:\/\/www.frenchlines.com\/en\/wp-json\/wp\/v2\/categories?post=14345"},{"taxonomy":"post_tag","embeddable":true,"href":"https:\/\/www.frenchlines.com\/en\/wp-json\/wp\/v2\/tags?post=14345"}],"curies":[{"name":"wp","href":"https:\/\/api.w.org\/{rel}","templated":true}]}}