{"id":14308,"date":"2018-11-20T11:18:22","date_gmt":"2018-11-20T10:18:22","guid":{"rendered":"http:\/\/www.frenchlines.com\/?p=14308"},"modified":"2018-11-20T11:35:46","modified_gmt":"2018-11-20T10:35:46","slug":"du-1er-au-9-decembre-la-legende-maritime-samarre-en-plein-coeur-du-havre","status":"publish","type":"post","link":"https:\/\/www.frenchlines.com\/en\/du-1er-au-9-decembre-la-legende-maritime-samarre-en-plein-coeur-du-havre\/","title":{"rendered":"Du 1er au 9 d\u00e9cembre, la l\u00e9gende maritime s\u2019amarre en plein c\u0153ur du Havre"},"content":{"rendered":"<p><strong>French Lines &amp; Compagnies inaugure le 1<sup>er<\/sup> d\u00e9cembre une boutique \u00e9ph\u00e9m\u00e8re en centre-ville, pour 9 jours de voyage. <\/strong><\/p>\n<p>Pour le plus grand plaisir des nombreux passionn\u00e9s, amateurs ou collectionneurs de pi\u00e8ces originales de l\u2019histoire maritime, French Lines &amp; Compagnies a d\u00e9cid\u00e9 de donner une dimension in\u00e9dite \u00e0 ses traditionnelles ventes de fin d\u2019ann\u00e9e: pour la premi\u00e8re fois, les ventes dureront 9 jours d\u2019affil\u00e9e et auront lieu en plein centre ville du Havre, 125 rue Victor Hugo,\u00a0 place Perret.<a href=\"http:\/\/www.frenchlines.com\/wp-content\/uploads\/2018\/11\/VVFA41-e1542703283694.jpg\"><img loading=\"lazy\" class=\" wp-image-14304 alignleft\" src=\"http:\/\/www.frenchlines.com\/wp-content\/uploads\/2018\/11\/VVFA41-e1542703283694-300x300.jpg\" alt=\"2018 ventes\" width=\"271\" height=\"271\" srcset=\"https:\/\/www.frenchlines.com\/wp-content\/uploads\/2018\/11\/VVFA41-e1542703283694-300x300.jpg 300w, https:\/\/www.frenchlines.com\/wp-content\/uploads\/2018\/11\/VVFA41-e1542703283694-100x100.jpg 100w, https:\/\/www.frenchlines.com\/wp-content\/uploads\/2018\/11\/VVFA41-e1542703283694-600x600.jpg 600w, https:\/\/www.frenchlines.com\/wp-content\/uploads\/2018\/11\/VVFA41-e1542703283694-150x150.jpg 150w, https:\/\/www.frenchlines.com\/wp-content\/uploads\/2018\/11\/VVFA41-e1542703283694-50x50.jpg 50w, https:\/\/www.frenchlines.com\/wp-content\/uploads\/2018\/11\/VVFA41-e1542703283694-555x555.jpg 555w, https:\/\/www.frenchlines.com\/wp-content\/uploads\/2018\/11\/VVFA41-e1542703283694-250x250.jpg 250w, https:\/\/www.frenchlines.com\/wp-content\/uploads\/2018\/11\/VVFA41-e1542703283694-rotated.jpg 800w\" sizes=\"(max-width: 271px) 100vw, 271px\" \/><\/a><\/p>\n<p>Acheteurs et curieux auront ainsi une occasion unique de d\u00e9couvrir un assortiment des objets cessibles\u00a0 de French Lines &amp; Compagnies.<\/p>\n<p>Comme chaque ann\u00e9e, il y en aura pour tous les go\u00fbts et toutes les bourses\u00a0: affiches anciennes, cartes postales, menus, m\u00e9dailles, revues, objets publicitaires ou encore pi\u00e8ces des arts de la table, marque page, cendriers, ainsi qu\u2019une gamme renouvel\u00e9e de produits d\u00e9riv\u00e9s des prestigieuses compagnies maritimes, dont une nouvelle ligne textile et de nombreux \u00ab\u00a0derniers exemplaires\u00a0\u00bb (objets publicitaires CGM, affiches anciennes, ouvrages aux tirages \u00e9puis\u00e9s\u2026). Cette ann\u00e9e, l\u2019orf\u00e8vrerie du paquebot <em>France<\/em> (CGT 1912) sera \u00e0 l\u2019honneur ainsi que des couverts provenant des Messageries Maritimes, marqu\u00e9s du c\u00e9l\u00e8bre monogramme \u00e0 la licorne couronn\u00e9e.<\/p>\n<p><a href=\"http:\/\/www.frenchlines.com\/wp-content\/uploads\/2018\/11\/ALBERT-BRENET-REPRODUCTION-\u00a9-VINCENT-RUSTUEL-1-e1542703419450.jpg\"><img loading=\"lazy\" class=\" wp-image-14306 alignright\" src=\"http:\/\/www.frenchlines.com\/wp-content\/uploads\/2018\/11\/ALBERT-BRENET-REPRODUCTION-\u00a9-VINCENT-RUSTUEL-1-207x300.jpg\" alt=\"ALBERT BRENET REPRODUCTION - \u00a9 VINCENT RUSTUEL-(1)\" width=\"237\" height=\"343\" \/><\/a>Enfin, exceptionnellement cette ann\u00e9e, les passionn\u00e9s pourront acqu\u00e9rir la reproduction en s\u00e9rie limit\u00e9e d\u2019une \u0153uvre majeure issues de nos collections, la gouache sign\u00e9e du peintre de marine Albert Brenet et r\u00e9alis\u00e9e \u00e0 l\u2019occasion du lancement du dernier paquebot <em>France<\/em> \u00e0 Saint-Nazaire le 11 mai 1960.<\/p>\n<p>Ces ventes contribuent au financement des missions de sauvegarde, de conservation et de valorisation de French Lines &amp; Compagnies en faveur de l&#8217;histoire et du patrimoine de la Marine marchande, de ses compagnies et de ses ports.<\/p>\n<p>Les adh\u00e9rents de l&#8217;Association les Amis de French Lines, cr\u00e9\u00e9e pour venir en soutien \u00e0 l&#8217;EPCC, \u00e0 jour de leur cotisation 2018, b\u00e9n\u00e9ficieront de tarifs r\u00e9duits sur certains produits.<\/p>\n<p>Boutique \u00e9ph\u00e9m\u00e8re French Lines &amp; Compagnies &#8211; 125 rue Victor Hugo, Place Perret, du 1er\u00a0au 9 d\u00e9cembre en continu &#8211; Samedis et dimanches de 10h \u00e0 19h \/ Lundi \u00e0 vendredi de 12h \u00e0 19h<\/p>\n<p><strong>\u00c0 noter que la boutique situ\u00e9e au si\u00e8ge de l\u2019EPCC, 54 rue Louis Richard, est actuellement ferm\u00e9e, ainsi que la boutique en ligne. <\/strong><\/p>\n","protected":false},"excerpt":{"rendered":"<p>French Lines &amp; Compagnies inaugure le 1er d\u00e9cembre une boutique \u00e9ph\u00e9m\u00e8re en centre-ville, pour 9 jours de voyage. Pour le plus grand plaisir des nombreux passionn\u00e9s, amateurs ou collectionneurs de pi\u00e8ces originales de l\u2019histoire maritime, French Lines &amp; Compagnies a d\u00e9cid\u00e9 de donner une dimension in\u00e9dite \u00e0 ses traditionnelles ventes de fin d\u2019ann\u00e9e: pour la [&hellip;]<\/p>\n","protected":false},"author":4,"featured_media":14315,"comment_status":"closed","ping_status":"closed","sticky":false,"template":"","format":"standard","meta":[],"categories":[1],"tags":[],"_links":{"self":[{"href":"https:\/\/www.frenchlines.com\/en\/wp-json\/wp\/v2\/posts\/14308"}],"collection":[{"href":"https:\/\/www.frenchlines.com\/en\/wp-json\/wp\/v2\/posts"}],"about":[{"href":"https:\/\/www.frenchlines.com\/en\/wp-json\/wp\/v2\/types\/post"}],"author":[{"embeddable":true,"href":"https:\/\/www.frenchlines.com\/en\/wp-json\/wp\/v2\/users\/4"}],"replies":[{"embeddable":true,"href":"https:\/\/www.frenchlines.com\/en\/wp-json\/wp\/v2\/comments?post=14308"}],"version-history":[{"count":3,"href":"https:\/\/www.frenchlines.com\/en\/wp-json\/wp\/v2\/posts\/14308\/revisions"}],"predecessor-version":[{"id":14314,"href":"https:\/\/www.frenchlines.com\/en\/wp-json\/wp\/v2\/posts\/14308\/revisions\/14314"}],"wp:featuredmedia":[{"embeddable":true,"href":"https:\/\/www.frenchlines.com\/en\/wp-json\/wp\/v2\/media\/14315"}],"wp:attachment":[{"href":"https:\/\/www.frenchlines.com\/en\/wp-json\/wp\/v2\/media?parent=14308"}],"wp:term":[{"taxonomy":"category","embeddable":true,"href":"https:\/\/www.frenchlines.com\/en\/wp-json\/wp\/v2\/categories?post=14308"},{"taxonomy":"post_tag","embeddable":true,"href":"https:\/\/www.frenchlines.com\/en\/wp-json\/wp\/v2\/tags?post=14308"}],"curies":[{"name":"wp","href":"https:\/\/api.w.org\/{rel}","templated":true}]}}