{"id":14160,"date":"2018-08-31T16:39:30","date_gmt":"2018-08-31T15:39:30","guid":{"rendered":"http:\/\/www.frenchlines.com\/?p=14160"},"modified":"2018-08-31T16:39:30","modified_gmt":"2018-08-31T15:39:30","slug":"venez-feter-la-mer-au-havre-les-1er-et-2-septembre","status":"publish","type":"post","link":"https:\/\/www.frenchlines.com\/en\/venez-feter-la-mer-au-havre-les-1er-et-2-septembre\/","title":{"rendered":"Venez f\u00eater la Mer au Havre les 1er et 2 septembre"},"content":{"rendered":"<p style=\"text-align: center;\"><strong>French Lines &amp; Compagnies participe \u00e0 la f\u00eate de la Mer les 1<sup>er<\/sup> et 2 septembre 2018.<\/strong><\/p>\n<p>Venez nombreux nous rejoindre sur notre stand Place P\u00e8re Arson, Quartier St Fran\u00e7ois au Havre.<\/p>\n<p>Vous y d\u00e9couvrirez notre nouveau logo, des extraits de films, des visuels de nos collections, des fac-simil\u00e9s d\u2019archives.<\/p>\n<p>Nous serons \u00e0 votre disposition pour vous pr\u00e9senter les projets d\u2019avenir de l\u2019\u00e9tablissement public et \u00e9changer avec vous.<\/p>\n<p>L\u2019association les Amis de French Lines sera l\u00e0 pour vous pr\u00e9senter ses activit\u00e9s et ses objectifs.<\/p>\n<p style=\"text-align: center;\">Nous esp\u00e9rons avoir le plaisir de vous accueillir nombreux<\/p>\n<p style=\"text-align: center;\">tout au long de ce week-end marin et festif\u00a0!<\/p>\n","protected":false},"excerpt":{"rendered":"<p>French Lines &amp; Compagnies participe \u00e0 la f\u00eate de la Mer les 1er et 2 septembre 2018. Venez nombreux nous rejoindre sur notre stand Place P\u00e8re Arson, Quartier St Fran\u00e7ois au Havre. Vous y d\u00e9couvrirez notre nouveau logo, des extraits de films, des visuels de nos collections, des fac-simil\u00e9s d\u2019archives. Nous serons \u00e0 votre disposition [&hellip;]<\/p>\n","protected":false},"author":4,"featured_media":0,"comment_status":"closed","ping_status":"closed","sticky":false,"template":"","format":"standard","meta":[],"categories":[1],"tags":[],"_links":{"self":[{"href":"https:\/\/www.frenchlines.com\/en\/wp-json\/wp\/v2\/posts\/14160"}],"collection":[{"href":"https:\/\/www.frenchlines.com\/en\/wp-json\/wp\/v2\/posts"}],"about":[{"href":"https:\/\/www.frenchlines.com\/en\/wp-json\/wp\/v2\/types\/post"}],"author":[{"embeddable":true,"href":"https:\/\/www.frenchlines.com\/en\/wp-json\/wp\/v2\/users\/4"}],"replies":[{"embeddable":true,"href":"https:\/\/www.frenchlines.com\/en\/wp-json\/wp\/v2\/comments?post=14160"}],"version-history":[{"count":1,"href":"https:\/\/www.frenchlines.com\/en\/wp-json\/wp\/v2\/posts\/14160\/revisions"}],"predecessor-version":[{"id":14169,"href":"https:\/\/www.frenchlines.com\/en\/wp-json\/wp\/v2\/posts\/14160\/revisions\/14169"}],"wp:attachment":[{"href":"https:\/\/www.frenchlines.com\/en\/wp-json\/wp\/v2\/media?parent=14160"}],"wp:term":[{"taxonomy":"category","embeddable":true,"href":"https:\/\/www.frenchlines.com\/en\/wp-json\/wp\/v2\/categories?post=14160"},{"taxonomy":"post_tag","embeddable":true,"href":"https:\/\/www.frenchlines.com\/en\/wp-json\/wp\/v2\/tags?post=14160"}],"curies":[{"name":"wp","href":"https:\/\/api.w.org\/{rel}","templated":true}]}}