{"id":14106,"date":"2018-08-27T13:43:34","date_gmt":"2018-08-27T12:43:34","guid":{"rendered":"http:\/\/www.frenchlines.com\/?p=14106"},"modified":"2018-08-27T14:00:16","modified_gmt":"2018-08-27T13:00:16","slug":"une-double-page-se-tourne","status":"publish","type":"post","link":"https:\/\/www.frenchlines.com\/en\/une-double-page-se-tourne\/","title":{"rendered":"Une (double) page se tourne"},"content":{"rendered":"<h4>Une (double) page se tourne<\/h4>\n<p><strong>Pr\u00e8s de huit ann\u00e9es apr\u00e8s leur arriv\u00e9e \u00e0 French Lines, Dorian Dallongeville et Nancy Chauvet quitteront leurs fonctions le 31 ao\u00fbt prochain.<\/strong><\/p>\n<figure id=\"attachment_14113\" aria-describedby=\"caption-attachment-14113\" style=\"width: 200px\" class=\"wp-caption alignleft\"><a href=\"http:\/\/www.frenchlines.com\/wp-content\/uploads\/2018\/08\/Dorian_Dallongeville.jpg\"><img loading=\"lazy\" class=\"wp-image-14113 size-medium\" src=\"http:\/\/www.frenchlines.com\/wp-content\/uploads\/2018\/08\/Dorian_Dallongeville-200x300.jpg\" alt=\"\u00a9 Alan Aubry\" width=\"200\" height=\"300\" srcset=\"https:\/\/www.frenchlines.com\/wp-content\/uploads\/2018\/08\/Dorian_Dallongeville-200x300.jpg 200w, https:\/\/www.frenchlines.com\/wp-content\/uploads\/2018\/08\/Dorian_Dallongeville-600x901.jpg 600w, https:\/\/www.frenchlines.com\/wp-content\/uploads\/2018\/08\/Dorian_Dallongeville-682x1024.jpg 682w, https:\/\/www.frenchlines.com\/wp-content\/uploads\/2018\/08\/Dorian_Dallongeville-555x834.jpg 555w, https:\/\/www.frenchlines.com\/wp-content\/uploads\/2018\/08\/Dorian_Dallongeville-166x250.jpg 166w, https:\/\/www.frenchlines.com\/wp-content\/uploads\/2018\/08\/Dorian_Dallongeville.jpg 799w\" sizes=\"(max-width: 200px) 100vw, 200px\" \/><\/a><figcaption id=\"caption-attachment-14113\" class=\"wp-caption-text\">Dorian Dallongeville &#8211; \u00a9 Alan Aubry (2016)<\/figcaption><\/figure>\n<p>Actuellement directeur du patrimoine, Dorian Dallongeville aura successivement occup\u00e9 le poste de r\u00e9gisseur des \u0153uvres puis de responsable des collections et des expositions.<br \/>\nCommissaire de nombreuses expositions, il a notamment contribu\u00e9 \u00e0 la valorisation du patrimoine maritime en France et \u00e0 l&#8217;\u00e9tranger, <span class=\"text_exposed_show\">\u00e0 la restauration des collections ainsi qu&#8217;\u00e0 l&#8217;am\u00e9lioration de leur conservation.<\/span><\/p>\n<div class=\"text_exposed_show\">\n<p>Nancy Chauvet, qui occupe le poste de documentaliste-iconographe, aura pour sa part travaill\u00e9 \u00e0 la sauvegarde et \u00e0 la num\u00e9risation des collections photographiques et de l&#8217;ensemble du fonds iconographique, permettant une diffusion de ceux-ci dans d&#8217;innombrables reportages, publications, expositions, conf\u00e9rences&#8230;<br \/>\nSa contribution au renouveau du site Internet fut \u00e9galement d\u00e9cisive.<\/p>\n<figure id=\"attachment_14143\" aria-describedby=\"caption-attachment-14143\" style=\"width: 300px\" class=\"wp-caption alignright\"><img loading=\"lazy\" class=\"wp-image-14143 size-medium\" src=\"http:\/\/www.frenchlines.com\/wp-content\/uploads\/2018\/08\/DD_NC-Copie-300x199.jpg\" alt=\"DD_NC - Copie\" width=\"300\" height=\"199\" srcset=\"https:\/\/www.frenchlines.com\/wp-content\/uploads\/2018\/08\/DD_NC-Copie-300x199.jpg 300w, https:\/\/www.frenchlines.com\/wp-content\/uploads\/2018\/08\/DD_NC-Copie-250x166.jpg 250w, https:\/\/www.frenchlines.com\/wp-content\/uploads\/2018\/08\/DD_NC-Copie.jpg 500w\" sizes=\"(max-width: 300px) 100vw, 300px\" \/><figcaption id=\"caption-attachment-14143\" class=\"wp-caption-text\">Nancy Chauvet et Dorian Dallongeville lors de la Nuit des mus\u00e9es (2012)<\/figcaption><\/figure>\n<p>Tous deux ont inlassablement \u0153uvr\u00e9 en faveur d\u2019un rayonnement accru des fonds conserv\u00e9s par l&#8217;association French Lines puis par l&#8217;EPCC French Lines &amp; Compagnies, tout en contribuant \u00e0 la reconnaissance des collections et des archives par les acteurs du patrimoine maritime et du paysage culturel fran\u00e7ais.<\/p>\n<p>Qu&#8217;ils en soient ici vivement remerci\u00e9s.<\/p>\n<\/div>\n","protected":false},"excerpt":{"rendered":"<p>Une (double) page se tourne Pr\u00e8s de huit ann\u00e9es apr\u00e8s leur arriv\u00e9e \u00e0 French Lines, Dorian Dallongeville et Nancy Chauvet quitteront leurs fonctions le 31 ao\u00fbt prochain. Actuellement directeur du patrimoine, Dorian Dallongeville aura successivement occup\u00e9 le poste de r\u00e9gisseur des \u0153uvres puis de responsable des collections et des expositions. Commissaire de nombreuses expositions, il [&hellip;]<\/p>\n","protected":false},"author":4,"featured_media":14113,"comment_status":"closed","ping_status":"closed","sticky":false,"template":"","format":"standard","meta":[],"categories":[305],"tags":[],"_links":{"self":[{"href":"https:\/\/www.frenchlines.com\/en\/wp-json\/wp\/v2\/posts\/14106"}],"collection":[{"href":"https:\/\/www.frenchlines.com\/en\/wp-json\/wp\/v2\/posts"}],"about":[{"href":"https:\/\/www.frenchlines.com\/en\/wp-json\/wp\/v2\/types\/post"}],"author":[{"embeddable":true,"href":"https:\/\/www.frenchlines.com\/en\/wp-json\/wp\/v2\/users\/4"}],"replies":[{"embeddable":true,"href":"https:\/\/www.frenchlines.com\/en\/wp-json\/wp\/v2\/comments?post=14106"}],"version-history":[{"count":3,"href":"https:\/\/www.frenchlines.com\/en\/wp-json\/wp\/v2\/posts\/14106\/revisions"}],"predecessor-version":[{"id":14148,"href":"https:\/\/www.frenchlines.com\/en\/wp-json\/wp\/v2\/posts\/14106\/revisions\/14148"}],"wp:featuredmedia":[{"embeddable":true,"href":"https:\/\/www.frenchlines.com\/en\/wp-json\/wp\/v2\/media\/14113"}],"wp:attachment":[{"href":"https:\/\/www.frenchlines.com\/en\/wp-json\/wp\/v2\/media?parent=14106"}],"wp:term":[{"taxonomy":"category","embeddable":true,"href":"https:\/\/www.frenchlines.com\/en\/wp-json\/wp\/v2\/categories?post=14106"},{"taxonomy":"post_tag","embeddable":true,"href":"https:\/\/www.frenchlines.com\/en\/wp-json\/wp\/v2\/tags?post=14106"}],"curies":[{"name":"wp","href":"https:\/\/api.w.org\/{rel}","templated":true}]}}